{"id":66,"date":"2018-12-23T19:02:49","date_gmt":"2018-12-23T18:02:49","guid":{"rendered":"http:\/\/institutdharmonie.ch\/?p=66"},"modified":"2025-10-09T20:12:59","modified_gmt":"2025-10-09T19:12:59","slug":"coralie-r","status":"publish","type":"post","link":"https:\/\/institutdharmonie.ch\/?p=66","title":{"rendered":"Coralie R."},"content":{"rendered":"<p>J&rsquo;ai connu EnerGsens par hasard sur Facebook. Je l&rsquo;ai contact\u00e9e pour lui faire part de mes besoins et elle a tout de suite r\u00e9ussi \u00e0 me calmer et m&rsquo;apaiser. Depuis, je fais appel \u00e0 ses soins r\u00e9guli\u00e8rement et je dois dire que je ne regrette pas du tout ! Merci pour tout.<\/p>\n","protected":false},"excerpt":{"rendered":"<p>J&rsquo;ai connu EnerGsens par hasard sur Facebook. Je l&rsquo;ai contact\u00e9e pour lui faire part de mes besoins et elle a tout de suite r\u00e9ussi \u00e0 me calmer et m&rsquo;apaiser. Depuis, je fais appel \u00e0 ses soins r\u00e9guli\u00e8rement et je dois dire que je ne regrette pas du tout ! Merci pour tout.<\/p>\n","protected":false},"author":1,"featured_media":0,"comment_status":"open","ping_status":"open","sticky":false,"template":"","format":"standard","meta":{"_et_pb_use_builder":"","_et_pb_old_content":"","_et_gb_content_width":"","footnotes":""},"categories":[2],"tags":[],"class_list":["post-66","post","type-post","status-publish","format-standard","hentry","category-temoignages"],"_links":{"self":[{"href":"https:\/\/institutdharmonie.ch\/index.php?rest_route=\/wp\/v2\/posts\/66","targetHints":{"allow":["GET"]}}],"collection":[{"href":"https:\/\/institutdharmonie.ch\/index.php?rest_route=\/wp\/v2\/posts"}],"about":[{"href":"https:\/\/institutdharmonie.ch\/index.php?rest_route=\/wp\/v2\/types\/post"}],"author":[{"embeddable":true,"href":"https:\/\/institutdharmonie.ch\/index.php?rest_route=\/wp\/v2\/users\/1"}],"replies":[{"embeddable":true,"href":"https:\/\/institutdharmonie.ch\/index.php?rest_route=%2Fwp%2Fv2%2Fcomments&post=66"}],"version-history":[{"count":1,"href":"https:\/\/institutdharmonie.ch\/index.php?rest_route=\/wp\/v2\/posts\/66\/revisions"}],"predecessor-version":[{"id":21687,"href":"https:\/\/institutdharmonie.ch\/index.php?rest_route=\/wp\/v2\/posts\/66\/revisions\/21687"}],"wp:attachment":[{"href":"https:\/\/institutdharmonie.ch\/index.php?rest_route=%2Fwp%2Fv2%2Fmedia&parent=66"}],"wp:term":[{"taxonomy":"category","embeddable":true,"href":"https:\/\/institutdharmonie.ch\/index.php?rest_route=%2Fwp%2Fv2%2Fcategories&post=66"},{"taxonomy":"post_tag","embeddable":true,"href":"https:\/\/institutdharmonie.ch\/index.php?rest_route=%2Fwp%2Fv2%2Ftags&post=66"}],"curies":[{"name":"wp","href":"https:\/\/api.w.org\/{rel}","templated":true}]}}